{"id":2351,"date":"2020-04-16T20:21:38","date_gmt":"2020-04-16T18:21:38","guid":{"rendered":"https:\/\/www.ozono-terapia.com\/?p=2351"},"modified":"2020-04-28T18:39:34","modified_gmt":"2020-04-28T16:39:34","slug":"la-ozonoterapia-podria-ser-util-en-coronavirus","status":"publish","type":"post","link":"https:\/\/www.ozono-terapia.com\/en\/la-ozonoterapia-podria-ser-util-en-coronavirus\/","title":{"rendered":"La Ozonoterapia podr\u00eda ser \u00fatil en Coronavirus"},"content":{"rendered":"<p>Seg\u00fan un art\u00edculo publicado en la <em><strong>Revista Espa\u00f1ola de Anestesiolog\u00eda y Reanimaci\u00f3n,<\/strong><\/em> el tratamiento mediante Ozonoterapia, como <strong>complemento<\/strong> a los tratamientos que ya se est\u00e1n utilizando, puede ser eficaz en el paciente cr\u00edtico infectado por COVID-19.<\/p>\n<p>La Ozonoterapia\u00a0 se aplica desde hace muchos a\u00f1os y su eficacia, sobre todo en el tratamiento del dolor, ha sido ampliamente demostrada\u00a0 en numerosos estudios. Adicionalmente la falta de efectos secundarios importantes y la buena tolerancia de esta forma de tratamiento hace que pueda ser recomendada e incorporada al arsenal terap\u00e9utico para el tratamiento del SARs-CoV-2.<\/p>\n<p>La terapia se realiza en\u00a0 pacientes cr\u00edticos cada 6 horas y los resultados observados hasta el momento parecen muy esperanzadores.<\/p>\n<p>https:\/\/www.sciencedirect.com\/science\/article\/pii\/S003493562030075X?via%3Dihub<\/p>\n","protected":false},"excerpt":{"rendered":"<p>Seg\u00fan un art\u00edculo publicado en la Revista Espa\u00f1ola de Anestesiolog\u00eda y Reanimaci\u00f3n, el tratamiento mediante Ozonoterapia, como complemento a los tratamientos que ya se est\u00e1n utilizando, puede ser eficaz en el paciente cr\u00edtico infectado por COVID-19. La Ozonoterapia\u00a0 se aplica desde hace muchos a\u00f1os y su eficacia, sobre todo en el tratamiento del dolor, ha  [&#8230;]<\/p>\n","protected":false},"author":6,"featured_media":2343,"comment_status":"closed","ping_status":"closed","sticky":false,"template":"","format":"standard","meta":{"footnotes":""},"categories":[24,23,41,42,1],"tags":[],"class_list":["post-2351","post","type-post","status-publish","format-standard","has-post-thumbnail","hentry","category-general","category-noticias","category-ozonoterapia-y-bienestar","category-ozonoterapia-y-coronavirus","category-sin-categorizar"],"yoast_head":"<!-- This site is optimized with the Yoast SEO plugin v27.4 - https:\/\/yoast.com\/product\/yoast-seo-wordpress\/ -->\n<title>La Ozonoterapia podr\u00eda ser \u00fatil en Coronavirus - Institut Catal\u00e0 d&#039;Ozonoter\u00e0pia<\/title>\n<meta name=\"robots\" content=\"index, follow, max-snippet:-1, max-image-preview:large, max-video-preview:-1\" \/>\n<link rel=\"canonical\" href=\"https:\/\/www.ozono-terapia.com\/la-ozonoterapia-podria-ser-util-en-coronavirus\/\" \/>\n<meta property=\"og:locale\" content=\"en_US\" \/>\n<meta property=\"og:type\" content=\"article\" \/>\n<meta property=\"og:title\" content=\"La Ozonoterapia podr\u00eda ser \u00fatil en Coronavirus - Institut Catal\u00e0 d&#039;Ozonoter\u00e0pia\" \/>\n<meta property=\"og:description\" content=\"Seg\u00fan un art\u00edculo publicado en la Revista Espa\u00f1ola de Anestesiolog\u00eda y Reanimaci\u00f3n, el tratamiento mediante Ozonoterapia, como complemento a los tratamientos que ya se est\u00e1n utilizando, puede ser eficaz en el paciente cr\u00edtico infectado por COVID-19. La Ozonoterapia\u00a0 se aplica desde hace muchos a\u00f1os y su eficacia, sobre todo en el tratamiento del dolor, ha [...]\" \/>\n<meta property=\"og:url\" content=\"https:\/\/www.ozono-terapia.com\/la-ozonoterapia-podria-ser-util-en-coronavirus\/\" \/>\n<meta property=\"og:site_name\" content=\"Institut Catal\u00e0 d&#039;Ozonoter\u00e0pia\" \/>\n<meta property=\"article:published_time\" content=\"2020-04-16T18:21:38+00:00\" \/>\n<meta property=\"article:modified_time\" content=\"2020-04-28T16:39:34+00:00\" \/>\n<meta property=\"og:image\" content=\"https:\/\/www.ozono-terapia.com\/wp-content\/uploads\/2020\/04\/huevos-con-mascarillas.jpg\" \/>\n\t<meta property=\"og:image:width\" content=\"823\" \/>\n\t<meta property=\"og:image:height\" content=\"1024\" \/>\n\t<meta property=\"og:image:type\" content=\"image\/jpeg\" \/>\n<meta name=\"author\" content=\"Institut Catal\u00e0 d&#039;Ozonoter\u00e0pia\" \/>\n<meta name=\"twitter:card\" content=\"summary_large_image\" \/>\n<meta name=\"twitter:label1\" content=\"Written by\" \/>\n\t<meta name=\"twitter:data1\" content=\"Institut Catal\u00e0 d&#039;Ozonoter\u00e0pia\" \/>\n\t<meta name=\"twitter:label2\" content=\"Est. reading time\" \/>\n\t<meta name=\"twitter:data2\" content=\"1 minute\" \/>\n<script type=\"application\/ld+json\" class=\"yoast-schema-graph\">{\"@context\":\"https:\\\/\\\/schema.org\",\"@graph\":[{\"@type\":\"Article\",\"@id\":\"https:\\\/\\\/www.ozono-terapia.com\\\/la-ozonoterapia-podria-ser-util-en-coronavirus\\\/#article\",\"isPartOf\":{\"@id\":\"https:\\\/\\\/www.ozono-terapia.com\\\/la-ozonoterapia-podria-ser-util-en-coronavirus\\\/\"},\"author\":{\"name\":\"Institut Catal\u00e0 d'Ozonoter\u00e0pia\",\"@id\":\"https:\\\/\\\/www.ozono-terapia.com\\\/#\\\/schema\\\/person\\\/8ac11a0f3555b5370db964a67bca8482\"},\"headline\":\"La Ozonoterapia podr\u00eda ser \u00fatil en Coronavirus\",\"datePublished\":\"2020-04-16T18:21:38+00:00\",\"dateModified\":\"2020-04-28T16:39:34+00:00\",\"mainEntityOfPage\":{\"@id\":\"https:\\\/\\\/www.ozono-terapia.com\\\/la-ozonoterapia-podria-ser-util-en-coronavirus\\\/\"},\"wordCount\":140,\"publisher\":{\"@id\":\"https:\\\/\\\/www.ozono-terapia.com\\\/#organization\"},\"image\":{\"@id\":\"https:\\\/\\\/www.ozono-terapia.com\\\/la-ozonoterapia-podria-ser-util-en-coronavirus\\\/#primaryimage\"},\"thumbnailUrl\":\"https:\\\/\\\/www.ozono-terapia.com\\\/wp-content\\\/uploads\\\/2020\\\/04\\\/huevos-con-mascarillas.jpg\",\"articleSection\":[\"General\",\"Noticias\",\"Ozonoterapia y Bienestar\",\"Ozonoterapia y Coronavirus\",\"Sin categorizar\"],\"inLanguage\":\"en-US\"},{\"@type\":\"WebPage\",\"@id\":\"https:\\\/\\\/www.ozono-terapia.com\\\/la-ozonoterapia-podria-ser-util-en-coronavirus\\\/\",\"url\":\"https:\\\/\\\/www.ozono-terapia.com\\\/la-ozonoterapia-podria-ser-util-en-coronavirus\\\/\",\"name\":\"La Ozonoterapia podr\u00eda ser \u00fatil en Coronavirus - Institut Catal\u00e0 d&#039;Ozonoter\u00e0pia\",\"isPartOf\":{\"@id\":\"https:\\\/\\\/www.ozono-terapia.com\\\/#website\"},\"primaryImageOfPage\":{\"@id\":\"https:\\\/\\\/www.ozono-terapia.com\\\/la-ozonoterapia-podria-ser-util-en-coronavirus\\\/#primaryimage\"},\"image\":{\"@id\":\"https:\\\/\\\/www.ozono-terapia.com\\\/la-ozonoterapia-podria-ser-util-en-coronavirus\\\/#primaryimage\"},\"thumbnailUrl\":\"https:\\\/\\\/www.ozono-terapia.com\\\/wp-content\\\/uploads\\\/2020\\\/04\\\/huevos-con-mascarillas.jpg\",\"datePublished\":\"2020-04-16T18:21:38+00:00\",\"dateModified\":\"2020-04-28T16:39:34+00:00\",\"breadcrumb\":{\"@id\":\"https:\\\/\\\/www.ozono-terapia.com\\\/la-ozonoterapia-podria-ser-util-en-coronavirus\\\/#breadcrumb\"},\"inLanguage\":\"en-US\",\"potentialAction\":[{\"@type\":\"ReadAction\",\"target\":[\"https:\\\/\\\/www.ozono-terapia.com\\\/la-ozonoterapia-podria-ser-util-en-coronavirus\\\/\"]}]},{\"@type\":\"ImageObject\",\"inLanguage\":\"en-US\",\"@id\":\"https:\\\/\\\/www.ozono-terapia.com\\\/la-ozonoterapia-podria-ser-util-en-coronavirus\\\/#primaryimage\",\"url\":\"https:\\\/\\\/www.ozono-terapia.com\\\/wp-content\\\/uploads\\\/2020\\\/04\\\/huevos-con-mascarillas.jpg\",\"contentUrl\":\"https:\\\/\\\/www.ozono-terapia.com\\\/wp-content\\\/uploads\\\/2020\\\/04\\\/huevos-con-mascarillas.jpg\",\"width\":823,\"height\":1024},{\"@type\":\"BreadcrumbList\",\"@id\":\"https:\\\/\\\/www.ozono-terapia.com\\\/la-ozonoterapia-podria-ser-util-en-coronavirus\\\/#breadcrumb\",\"itemListElement\":[{\"@type\":\"ListItem\",\"position\":1,\"name\":\"Home\",\"item\":\"https:\\\/\\\/www.ozono-terapia.com\\\/\"},{\"@type\":\"ListItem\",\"position\":2,\"name\":\"La Ozonoterapia podr\u00eda ser \u00fatil en Coronavirus\"}]},{\"@type\":\"WebSite\",\"@id\":\"https:\\\/\\\/www.ozono-terapia.com\\\/#website\",\"url\":\"https:\\\/\\\/www.ozono-terapia.com\\\/\",\"name\":\"Institut Catal\u00e0 d&#039;Ozonoter\u00e0pia\",\"description\":\"\",\"publisher\":{\"@id\":\"https:\\\/\\\/www.ozono-terapia.com\\\/#organization\"},\"potentialAction\":[{\"@type\":\"SearchAction\",\"target\":{\"@type\":\"EntryPoint\",\"urlTemplate\":\"https:\\\/\\\/www.ozono-terapia.com\\\/?s={search_term_string}\"},\"query-input\":{\"@type\":\"PropertyValueSpecification\",\"valueRequired\":true,\"valueName\":\"search_term_string\"}}],\"inLanguage\":\"en-US\"},{\"@type\":\"Organization\",\"@id\":\"https:\\\/\\\/www.ozono-terapia.com\\\/#organization\",\"name\":\"Institut Catal\u00e0 d&#039;Ozonoter\u00e0pia\",\"url\":\"https:\\\/\\\/www.ozono-terapia.com\\\/\",\"logo\":{\"@type\":\"ImageObject\",\"inLanguage\":\"en-US\",\"@id\":\"https:\\\/\\\/www.ozono-terapia.com\\\/#\\\/schema\\\/logo\\\/image\\\/\",\"url\":\"https:\\\/\\\/www.ozono-terapia.com\\\/wp-content\\\/uploads\\\/2019\\\/02\\\/ozono_logo_2x.png\",\"contentUrl\":\"https:\\\/\\\/www.ozono-terapia.com\\\/wp-content\\\/uploads\\\/2019\\\/02\\\/ozono_logo_2x.png\",\"width\":572,\"height\":100,\"caption\":\"Institut Catal\u00e0 d&#039;Ozonoter\u00e0pia\"},\"image\":{\"@id\":\"https:\\\/\\\/www.ozono-terapia.com\\\/#\\\/schema\\\/logo\\\/image\\\/\"}},{\"@type\":\"Person\",\"@id\":\"https:\\\/\\\/www.ozono-terapia.com\\\/#\\\/schema\\\/person\\\/8ac11a0f3555b5370db964a67bca8482\",\"name\":\"Institut Catal\u00e0 d'Ozonoter\u00e0pia\",\"image\":{\"@type\":\"ImageObject\",\"inLanguage\":\"en-US\",\"@id\":\"https:\\\/\\\/secure.gravatar.com\\\/avatar\\\/06602fcee6838c0a198f0e0a7ecf3b212f836792c9e9b88b822899da17bc9333?s=96&d=mm&r=g\",\"url\":\"https:\\\/\\\/secure.gravatar.com\\\/avatar\\\/06602fcee6838c0a198f0e0a7ecf3b212f836792c9e9b88b822899da17bc9333?s=96&d=mm&r=g\",\"contentUrl\":\"https:\\\/\\\/secure.gravatar.com\\\/avatar\\\/06602fcee6838c0a198f0e0a7ecf3b212f836792c9e9b88b822899da17bc9333?s=96&d=mm&r=g\",\"caption\":\"Institut Catal\u00e0 d'Ozonoter\u00e0pia\"},\"url\":\"https:\\\/\\\/www.ozono-terapia.com\\\/en\\\/author\\\/gloria\\\/\"}]}<\/script>\n<!-- \/ Yoast SEO plugin. -->","yoast_head_json":{"title":"La Ozonoterapia podr\u00eda ser \u00fatil en Coronavirus - Institut Catal\u00e0 d&#039;Ozonoter\u00e0pia","robots":{"index":"index","follow":"follow","max-snippet":"max-snippet:-1","max-image-preview":"max-image-preview:large","max-video-preview":"max-video-preview:-1"},"canonical":"https:\/\/www.ozono-terapia.com\/la-ozonoterapia-podria-ser-util-en-coronavirus\/","og_locale":"en_US","og_type":"article","og_title":"La Ozonoterapia podr\u00eda ser \u00fatil en Coronavirus - Institut Catal\u00e0 d&#039;Ozonoter\u00e0pia","og_description":"Seg\u00fan un art\u00edculo publicado en la Revista Espa\u00f1ola de Anestesiolog\u00eda y Reanimaci\u00f3n, el tratamiento mediante Ozonoterapia, como complemento a los tratamientos que ya se est\u00e1n utilizando, puede ser eficaz en el paciente cr\u00edtico infectado por COVID-19. La Ozonoterapia\u00a0 se aplica desde hace muchos a\u00f1os y su eficacia, sobre todo en el tratamiento del dolor, ha [...]","og_url":"https:\/\/www.ozono-terapia.com\/la-ozonoterapia-podria-ser-util-en-coronavirus\/","og_site_name":"Institut Catal\u00e0 d&#039;Ozonoter\u00e0pia","article_published_time":"2020-04-16T18:21:38+00:00","article_modified_time":"2020-04-28T16:39:34+00:00","og_image":[{"width":823,"height":1024,"url":"https:\/\/www.ozono-terapia.com\/wp-content\/uploads\/2020\/04\/huevos-con-mascarillas.jpg","type":"image\/jpeg"}],"author":"Institut Catal\u00e0 d'Ozonoter\u00e0pia","twitter_card":"summary_large_image","twitter_misc":{"Written by":"Institut Catal\u00e0 d'Ozonoter\u00e0pia","Est. reading time":"1 minute"},"schema":{"@context":"https:\/\/schema.org","@graph":[{"@type":"Article","@id":"https:\/\/www.ozono-terapia.com\/la-ozonoterapia-podria-ser-util-en-coronavirus\/#article","isPartOf":{"@id":"https:\/\/www.ozono-terapia.com\/la-ozonoterapia-podria-ser-util-en-coronavirus\/"},"author":{"name":"Institut Catal\u00e0 d'Ozonoter\u00e0pia","@id":"https:\/\/www.ozono-terapia.com\/#\/schema\/person\/8ac11a0f3555b5370db964a67bca8482"},"headline":"La Ozonoterapia podr\u00eda ser \u00fatil en Coronavirus","datePublished":"2020-04-16T18:21:38+00:00","dateModified":"2020-04-28T16:39:34+00:00","mainEntityOfPage":{"@id":"https:\/\/www.ozono-terapia.com\/la-ozonoterapia-podria-ser-util-en-coronavirus\/"},"wordCount":140,"publisher":{"@id":"https:\/\/www.ozono-terapia.com\/#organization"},"image":{"@id":"https:\/\/www.ozono-terapia.com\/la-ozonoterapia-podria-ser-util-en-coronavirus\/#primaryimage"},"thumbnailUrl":"https:\/\/www.ozono-terapia.com\/wp-content\/uploads\/2020\/04\/huevos-con-mascarillas.jpg","articleSection":["General","Noticias","Ozonoterapia y Bienestar","Ozonoterapia y Coronavirus","Sin categorizar"],"inLanguage":"en-US"},{"@type":"WebPage","@id":"https:\/\/www.ozono-terapia.com\/la-ozonoterapia-podria-ser-util-en-coronavirus\/","url":"https:\/\/www.ozono-terapia.com\/la-ozonoterapia-podria-ser-util-en-coronavirus\/","name":"La Ozonoterapia podr\u00eda ser \u00fatil en Coronavirus - Institut Catal\u00e0 d&#039;Ozonoter\u00e0pia","isPartOf":{"@id":"https:\/\/www.ozono-terapia.com\/#website"},"primaryImageOfPage":{"@id":"https:\/\/www.ozono-terapia.com\/la-ozonoterapia-podria-ser-util-en-coronavirus\/#primaryimage"},"image":{"@id":"https:\/\/www.ozono-terapia.com\/la-ozonoterapia-podria-ser-util-en-coronavirus\/#primaryimage"},"thumbnailUrl":"https:\/\/www.ozono-terapia.com\/wp-content\/uploads\/2020\/04\/huevos-con-mascarillas.jpg","datePublished":"2020-04-16T18:21:38+00:00","dateModified":"2020-04-28T16:39:34+00:00","breadcrumb":{"@id":"https:\/\/www.ozono-terapia.com\/la-ozonoterapia-podria-ser-util-en-coronavirus\/#breadcrumb"},"inLanguage":"en-US","potentialAction":[{"@type":"ReadAction","target":["https:\/\/www.ozono-terapia.com\/la-ozonoterapia-podria-ser-util-en-coronavirus\/"]}]},{"@type":"ImageObject","inLanguage":"en-US","@id":"https:\/\/www.ozono-terapia.com\/la-ozonoterapia-podria-ser-util-en-coronavirus\/#primaryimage","url":"https:\/\/www.ozono-terapia.com\/wp-content\/uploads\/2020\/04\/huevos-con-mascarillas.jpg","contentUrl":"https:\/\/www.ozono-terapia.com\/wp-content\/uploads\/2020\/04\/huevos-con-mascarillas.jpg","width":823,"height":1024},{"@type":"BreadcrumbList","@id":"https:\/\/www.ozono-terapia.com\/la-ozonoterapia-podria-ser-util-en-coronavirus\/#breadcrumb","itemListElement":[{"@type":"ListItem","position":1,"name":"Home","item":"https:\/\/www.ozono-terapia.com\/"},{"@type":"ListItem","position":2,"name":"La Ozonoterapia podr\u00eda ser \u00fatil en Coronavirus"}]},{"@type":"WebSite","@id":"https:\/\/www.ozono-terapia.com\/#website","url":"https:\/\/www.ozono-terapia.com\/","name":"Institut Catal\u00e0 d&#039;Ozonoter\u00e0pia","description":"","publisher":{"@id":"https:\/\/www.ozono-terapia.com\/#organization"},"potentialAction":[{"@type":"SearchAction","target":{"@type":"EntryPoint","urlTemplate":"https:\/\/www.ozono-terapia.com\/?s={search_term_string}"},"query-input":{"@type":"PropertyValueSpecification","valueRequired":true,"valueName":"search_term_string"}}],"inLanguage":"en-US"},{"@type":"Organization","@id":"https:\/\/www.ozono-terapia.com\/#organization","name":"Institut Catal\u00e0 d&#039;Ozonoter\u00e0pia","url":"https:\/\/www.ozono-terapia.com\/","logo":{"@type":"ImageObject","inLanguage":"en-US","@id":"https:\/\/www.ozono-terapia.com\/#\/schema\/logo\/image\/","url":"https:\/\/www.ozono-terapia.com\/wp-content\/uploads\/2019\/02\/ozono_logo_2x.png","contentUrl":"https:\/\/www.ozono-terapia.com\/wp-content\/uploads\/2019\/02\/ozono_logo_2x.png","width":572,"height":100,"caption":"Institut Catal\u00e0 d&#039;Ozonoter\u00e0pia"},"image":{"@id":"https:\/\/www.ozono-terapia.com\/#\/schema\/logo\/image\/"}},{"@type":"Person","@id":"https:\/\/www.ozono-terapia.com\/#\/schema\/person\/8ac11a0f3555b5370db964a67bca8482","name":"Institut Catal\u00e0 d'Ozonoter\u00e0pia","image":{"@type":"ImageObject","inLanguage":"en-US","@id":"https:\/\/secure.gravatar.com\/avatar\/06602fcee6838c0a198f0e0a7ecf3b212f836792c9e9b88b822899da17bc9333?s=96&d=mm&r=g","url":"https:\/\/secure.gravatar.com\/avatar\/06602fcee6838c0a198f0e0a7ecf3b212f836792c9e9b88b822899da17bc9333?s=96&d=mm&r=g","contentUrl":"https:\/\/secure.gravatar.com\/avatar\/06602fcee6838c0a198f0e0a7ecf3b212f836792c9e9b88b822899da17bc9333?s=96&d=mm&r=g","caption":"Institut Catal\u00e0 d'Ozonoter\u00e0pia"},"url":"https:\/\/www.ozono-terapia.com\/en\/author\/gloria\/"}]}},"_links":{"self":[{"href":"https:\/\/www.ozono-terapia.com\/en\/wp-json\/wp\/v2\/posts\/2351","targetHints":{"allow":["GET"]}}],"collection":[{"href":"https:\/\/www.ozono-terapia.com\/en\/wp-json\/wp\/v2\/posts"}],"about":[{"href":"https:\/\/www.ozono-terapia.com\/en\/wp-json\/wp\/v2\/types\/post"}],"author":[{"embeddable":true,"href":"https:\/\/www.ozono-terapia.com\/en\/wp-json\/wp\/v2\/users\/6"}],"replies":[{"embeddable":true,"href":"https:\/\/www.ozono-terapia.com\/en\/wp-json\/wp\/v2\/comments?post=2351"}],"version-history":[{"count":0,"href":"https:\/\/www.ozono-terapia.com\/en\/wp-json\/wp\/v2\/posts\/2351\/revisions"}],"wp:featuredmedia":[{"embeddable":true,"href":"https:\/\/www.ozono-terapia.com\/en\/wp-json\/wp\/v2\/media\/2343"}],"wp:attachment":[{"href":"https:\/\/www.ozono-terapia.com\/en\/wp-json\/wp\/v2\/media?parent=2351"}],"wp:term":[{"taxonomy":"category","embeddable":true,"href":"https:\/\/www.ozono-terapia.com\/en\/wp-json\/wp\/v2\/categories?post=2351"},{"taxonomy":"post_tag","embeddable":true,"href":"https:\/\/www.ozono-terapia.com\/en\/wp-json\/wp\/v2\/tags?post=2351"}],"curies":[{"name":"wp","href":"https:\/\/api.w.org\/{rel}","templated":true}]}}