{"id":3314,"date":"2025-12-11T12:26:49","date_gmt":"2025-12-11T11:26:49","guid":{"rendered":"https:\/\/www.ozono-terapia.com\/?p=3314"},"modified":"2025-12-11T12:26:49","modified_gmt":"2025-12-11T11:26:49","slug":"cansancio-cronico-y-ozonoterapia","status":"publish","type":"post","link":"https:\/\/www.ozono-terapia.com\/ca\/cansancio-cronico-y-ozonoterapia\/","title":{"rendered":"Cansancio cr\u00f3nico y Ozonoterapia"},"content":{"rendered":"<p>La <strong>fatiga cr\u00f3nica<\/strong> es mucho m\u00e1s que simple cansancio; es un estado persistente de agotamiento que no mejora con el descanso. Sus causas son muy variadas, desde infecciones virales previas (Covid por ejemplo), acompa\u00f1ando a la Fibromialgia Reum\u00e1tica, anemia no diagnosticada y tambi\u00e9n incluso en casos de estr\u00e9s psicol\u00f3gico mantenido (laboral, personal)<\/p>\n<p>La Ozonoterapia, aplicada por via sist\u00e9mica (autohemoterapia) puede ser de gran ayuda en este grupo de pacientes ya que el tratamiento con ozono:<\/p>\n<ol>\n<li>Optimiza el Uso de Ox\u00edgeno ya que mejora la capacidad de los gl\u00f3bulos rojos para liberar ox\u00edgeno a los tejidos<\/li>\n<\/ol>\n<ol>\n<li>Modula el Estr\u00e9s Oxidativo: A dosis controladas, el ozono activa las enzimas antioxidantes naturales del cuerpo, ayudando a neutralizar el exceso de radicales libres que causan da\u00f1o celular.<\/li>\n<li>Reduce la Inflamaci\u00f3n ya que act\u00faa modulando la respuesta inflamatoria, rompiendo con ello el c\u00edrculo vicioso de inflamaci\u00f3n-fatiga.<\/li>\n<\/ol>\n<p>La ozonoterapia busca reactivar el metabolismo celular, proporcionando una mejora en la vitalidad y la resistencia f\u00edsica. El n\u00famero de sesiones habitualmente est\u00e1 entre 5 y 10 seg\u00fan cada paciente y su sintomatolog\u00eda.<\/p>\n<p>Dra. Gloria Rovira Dupl\u00e1a<\/p>\n<p>Institut Catal\u00e0 d\u00b4Ozonoterapia. Barcelona<\/p>\n<p>&nbsp;<\/p>\n","protected":false},"excerpt":{"rendered":"<p>La fatiga cr\u00f3nica es mucho m\u00e1s que simple cansancio; es un estado persistente de agotamiento que no mejora con el descanso. Sus causas son muy variadas, desde infecciones virales previas (Covid por ejemplo), acompa\u00f1ando a la Fibromialgia Reum\u00e1tica, anemia no diagnosticada y tambi\u00e9n incluso en casos de estr\u00e9s psicol\u00f3gico mantenido (laboral, personal) La Ozonoterapia, aplicada  [&#8230;]<\/p>\n","protected":false},"author":6,"featured_media":3315,"comment_status":"closed","ping_status":"closed","sticky":false,"template":"","format":"standard","meta":{"footnotes":""},"categories":[43,20,24,23,44,41,42],"tags":[],"class_list":["post-3314","post","type-post","status-publish","format-standard","has-post-thumbnail","hentry","category-covid-19","category-fibromialgia","category-general","category-noticias","category-oncologia","category-ozonoterapia-y-bienestar","category-ozonoterapia-y-coronavirus"],"yoast_head":"<!-- This site is optimized with the Yoast SEO plugin v27.4 - https:\/\/yoast.com\/product\/yoast-seo-wordpress\/ -->\n<title>Cansancio cr\u00f3nico y Ozonoterapia - Institut Catal\u00e0 d&#039;Ozonoter\u00e0pia<\/title>\n<meta name=\"robots\" content=\"index, follow, max-snippet:-1, max-image-preview:large, max-video-preview:-1\" \/>\n<link rel=\"canonical\" href=\"https:\/\/www.ozono-terapia.com\/cansancio-cronico-y-ozonoterapia\/\" \/>\n<meta property=\"og:locale\" content=\"ca_ES\" \/>\n<meta property=\"og:type\" content=\"article\" \/>\n<meta property=\"og:title\" content=\"Cansancio cr\u00f3nico y Ozonoterapia - Institut Catal\u00e0 d&#039;Ozonoter\u00e0pia\" \/>\n<meta property=\"og:description\" content=\"La fatiga cr\u00f3nica es mucho m\u00e1s que simple cansancio; es un estado persistente de agotamiento que no mejora con el descanso. Sus causas son muy variadas, desde infecciones virales previas (Covid por ejemplo), acompa\u00f1ando a la Fibromialgia Reum\u00e1tica, anemia no diagnosticada y tambi\u00e9n incluso en casos de estr\u00e9s psicol\u00f3gico mantenido (laboral, personal) La Ozonoterapia, aplicada [...]\" \/>\n<meta property=\"og:url\" content=\"https:\/\/www.ozono-terapia.com\/cansancio-cronico-y-ozonoterapia\/\" \/>\n<meta property=\"og:site_name\" content=\"Institut Catal\u00e0 d&#039;Ozonoter\u00e0pia\" \/>\n<meta property=\"article:published_time\" content=\"2025-12-11T11:26:49+00:00\" \/>\n<meta property=\"og:image\" content=\"https:\/\/www.ozono-terapia.com\/wp-content\/uploads\/2025\/12\/Nujer-cansada-Gemini-2025.png\" \/>\n\t<meta property=\"og:image:width\" content=\"1024\" \/>\n\t<meta property=\"og:image:height\" content=\"1024\" \/>\n\t<meta property=\"og:image:type\" content=\"image\/png\" \/>\n<meta name=\"author\" content=\"Institut Catal\u00e0 d&#039;Ozonoter\u00e0pia\" \/>\n<meta name=\"twitter:card\" content=\"summary_large_image\" \/>\n<meta name=\"twitter:label1\" content=\"Escrit per\" \/>\n\t<meta name=\"twitter:data1\" content=\"Institut Catal\u00e0 d&#039;Ozonoter\u00e0pia\" \/>\n\t<meta name=\"twitter:label2\" content=\"Temps estimat de lectura\" \/>\n\t<meta name=\"twitter:data2\" content=\"1 minut\" \/>\n<script type=\"application\/ld+json\" class=\"yoast-schema-graph\">{\"@context\":\"https:\\\/\\\/schema.org\",\"@graph\":[{\"@type\":\"Article\",\"@id\":\"https:\\\/\\\/www.ozono-terapia.com\\\/cansancio-cronico-y-ozonoterapia\\\/#article\",\"isPartOf\":{\"@id\":\"https:\\\/\\\/www.ozono-terapia.com\\\/cansancio-cronico-y-ozonoterapia\\\/\"},\"author\":{\"name\":\"Institut Catal\u00e0 d'Ozonoter\u00e0pia\",\"@id\":\"https:\\\/\\\/www.ozono-terapia.com\\\/#\\\/schema\\\/person\\\/8ac11a0f3555b5370db964a67bca8482\"},\"headline\":\"Cansancio cr\u00f3nico y Ozonoterapia\",\"datePublished\":\"2025-12-11T11:26:49+00:00\",\"mainEntityOfPage\":{\"@id\":\"https:\\\/\\\/www.ozono-terapia.com\\\/cansancio-cronico-y-ozonoterapia\\\/\"},\"wordCount\":209,\"publisher\":{\"@id\":\"https:\\\/\\\/www.ozono-terapia.com\\\/#organization\"},\"image\":{\"@id\":\"https:\\\/\\\/www.ozono-terapia.com\\\/cansancio-cronico-y-ozonoterapia\\\/#primaryimage\"},\"thumbnailUrl\":\"https:\\\/\\\/www.ozono-terapia.com\\\/wp-content\\\/uploads\\\/2025\\\/12\\\/Nujer-cansada-Gemini-2025.png\",\"articleSection\":[\"COVID 19\",\"Fibromialgia\",\"General\",\"Noticias\",\"Oncologia\",\"Ozonoterapia y Bienestar\",\"Ozonoterapia y Coronavirus\"],\"inLanguage\":\"ca\"},{\"@type\":\"WebPage\",\"@id\":\"https:\\\/\\\/www.ozono-terapia.com\\\/cansancio-cronico-y-ozonoterapia\\\/\",\"url\":\"https:\\\/\\\/www.ozono-terapia.com\\\/cansancio-cronico-y-ozonoterapia\\\/\",\"name\":\"Cansancio cr\u00f3nico y Ozonoterapia - Institut Catal\u00e0 d&#039;Ozonoter\u00e0pia\",\"isPartOf\":{\"@id\":\"https:\\\/\\\/www.ozono-terapia.com\\\/#website\"},\"primaryImageOfPage\":{\"@id\":\"https:\\\/\\\/www.ozono-terapia.com\\\/cansancio-cronico-y-ozonoterapia\\\/#primaryimage\"},\"image\":{\"@id\":\"https:\\\/\\\/www.ozono-terapia.com\\\/cansancio-cronico-y-ozonoterapia\\\/#primaryimage\"},\"thumbnailUrl\":\"https:\\\/\\\/www.ozono-terapia.com\\\/wp-content\\\/uploads\\\/2025\\\/12\\\/Nujer-cansada-Gemini-2025.png\",\"datePublished\":\"2025-12-11T11:26:49+00:00\",\"breadcrumb\":{\"@id\":\"https:\\\/\\\/www.ozono-terapia.com\\\/cansancio-cronico-y-ozonoterapia\\\/#breadcrumb\"},\"inLanguage\":\"ca\",\"potentialAction\":[{\"@type\":\"ReadAction\",\"target\":[\"https:\\\/\\\/www.ozono-terapia.com\\\/cansancio-cronico-y-ozonoterapia\\\/\"]}]},{\"@type\":\"ImageObject\",\"inLanguage\":\"ca\",\"@id\":\"https:\\\/\\\/www.ozono-terapia.com\\\/cansancio-cronico-y-ozonoterapia\\\/#primaryimage\",\"url\":\"https:\\\/\\\/www.ozono-terapia.com\\\/wp-content\\\/uploads\\\/2025\\\/12\\\/Nujer-cansada-Gemini-2025.png\",\"contentUrl\":\"https:\\\/\\\/www.ozono-terapia.com\\\/wp-content\\\/uploads\\\/2025\\\/12\\\/Nujer-cansada-Gemini-2025.png\",\"width\":1024,\"height\":1024},{\"@type\":\"BreadcrumbList\",\"@id\":\"https:\\\/\\\/www.ozono-terapia.com\\\/cansancio-cronico-y-ozonoterapia\\\/#breadcrumb\",\"itemListElement\":[{\"@type\":\"ListItem\",\"position\":1,\"name\":\"Home\",\"item\":\"https:\\\/\\\/www.ozono-terapia.com\\\/ca\\\/\"},{\"@type\":\"ListItem\",\"position\":2,\"name\":\"Cansancio cr\u00f3nico y Ozonoterapia\"}]},{\"@type\":\"WebSite\",\"@id\":\"https:\\\/\\\/www.ozono-terapia.com\\\/#website\",\"url\":\"https:\\\/\\\/www.ozono-terapia.com\\\/\",\"name\":\"Institut Catal\u00e0 d&#039;Ozonoter\u00e0pia\",\"description\":\"\",\"publisher\":{\"@id\":\"https:\\\/\\\/www.ozono-terapia.com\\\/#organization\"},\"potentialAction\":[{\"@type\":\"SearchAction\",\"target\":{\"@type\":\"EntryPoint\",\"urlTemplate\":\"https:\\\/\\\/www.ozono-terapia.com\\\/?s={search_term_string}\"},\"query-input\":{\"@type\":\"PropertyValueSpecification\",\"valueRequired\":true,\"valueName\":\"search_term_string\"}}],\"inLanguage\":\"ca\"},{\"@type\":\"Organization\",\"@id\":\"https:\\\/\\\/www.ozono-terapia.com\\\/#organization\",\"name\":\"Institut Catal\u00e0 d&#039;Ozonoter\u00e0pia\",\"url\":\"https:\\\/\\\/www.ozono-terapia.com\\\/\",\"logo\":{\"@type\":\"ImageObject\",\"inLanguage\":\"ca\",\"@id\":\"https:\\\/\\\/www.ozono-terapia.com\\\/#\\\/schema\\\/logo\\\/image\\\/\",\"url\":\"https:\\\/\\\/www.ozono-terapia.com\\\/wp-content\\\/uploads\\\/2019\\\/02\\\/ozono_logo_2x.png\",\"contentUrl\":\"https:\\\/\\\/www.ozono-terapia.com\\\/wp-content\\\/uploads\\\/2019\\\/02\\\/ozono_logo_2x.png\",\"width\":572,\"height\":100,\"caption\":\"Institut Catal\u00e0 d&#039;Ozonoter\u00e0pia\"},\"image\":{\"@id\":\"https:\\\/\\\/www.ozono-terapia.com\\\/#\\\/schema\\\/logo\\\/image\\\/\"}},{\"@type\":\"Person\",\"@id\":\"https:\\\/\\\/www.ozono-terapia.com\\\/#\\\/schema\\\/person\\\/8ac11a0f3555b5370db964a67bca8482\",\"name\":\"Institut Catal\u00e0 d'Ozonoter\u00e0pia\",\"image\":{\"@type\":\"ImageObject\",\"inLanguage\":\"ca\",\"@id\":\"https:\\\/\\\/secure.gravatar.com\\\/avatar\\\/06602fcee6838c0a198f0e0a7ecf3b212f836792c9e9b88b822899da17bc9333?s=96&d=mm&r=g\",\"url\":\"https:\\\/\\\/secure.gravatar.com\\\/avatar\\\/06602fcee6838c0a198f0e0a7ecf3b212f836792c9e9b88b822899da17bc9333?s=96&d=mm&r=g\",\"contentUrl\":\"https:\\\/\\\/secure.gravatar.com\\\/avatar\\\/06602fcee6838c0a198f0e0a7ecf3b212f836792c9e9b88b822899da17bc9333?s=96&d=mm&r=g\",\"caption\":\"Institut Catal\u00e0 d'Ozonoter\u00e0pia\"},\"url\":\"https:\\\/\\\/www.ozono-terapia.com\\\/ca\\\/author\\\/gloria\\\/\"}]}<\/script>\n<!-- \/ Yoast SEO plugin. -->","yoast_head_json":{"title":"Cansancio cr\u00f3nico y Ozonoterapia - Institut Catal\u00e0 d&#039;Ozonoter\u00e0pia","robots":{"index":"index","follow":"follow","max-snippet":"max-snippet:-1","max-image-preview":"max-image-preview:large","max-video-preview":"max-video-preview:-1"},"canonical":"https:\/\/www.ozono-terapia.com\/cansancio-cronico-y-ozonoterapia\/","og_locale":"ca_ES","og_type":"article","og_title":"Cansancio cr\u00f3nico y Ozonoterapia - Institut Catal\u00e0 d&#039;Ozonoter\u00e0pia","og_description":"La fatiga cr\u00f3nica es mucho m\u00e1s que simple cansancio; es un estado persistente de agotamiento que no mejora con el descanso. Sus causas son muy variadas, desde infecciones virales previas (Covid por ejemplo), acompa\u00f1ando a la Fibromialgia Reum\u00e1tica, anemia no diagnosticada y tambi\u00e9n incluso en casos de estr\u00e9s psicol\u00f3gico mantenido (laboral, personal) La Ozonoterapia, aplicada [...]","og_url":"https:\/\/www.ozono-terapia.com\/cansancio-cronico-y-ozonoterapia\/","og_site_name":"Institut Catal\u00e0 d&#039;Ozonoter\u00e0pia","article_published_time":"2025-12-11T11:26:49+00:00","og_image":[{"width":1024,"height":1024,"url":"https:\/\/www.ozono-terapia.com\/wp-content\/uploads\/2025\/12\/Nujer-cansada-Gemini-2025.png","type":"image\/png"}],"author":"Institut Catal\u00e0 d'Ozonoter\u00e0pia","twitter_card":"summary_large_image","twitter_misc":{"Escrit per":"Institut Catal\u00e0 d'Ozonoter\u00e0pia","Temps estimat de lectura":"1 minut"},"schema":{"@context":"https:\/\/schema.org","@graph":[{"@type":"Article","@id":"https:\/\/www.ozono-terapia.com\/cansancio-cronico-y-ozonoterapia\/#article","isPartOf":{"@id":"https:\/\/www.ozono-terapia.com\/cansancio-cronico-y-ozonoterapia\/"},"author":{"name":"Institut Catal\u00e0 d'Ozonoter\u00e0pia","@id":"https:\/\/www.ozono-terapia.com\/#\/schema\/person\/8ac11a0f3555b5370db964a67bca8482"},"headline":"Cansancio cr\u00f3nico y Ozonoterapia","datePublished":"2025-12-11T11:26:49+00:00","mainEntityOfPage":{"@id":"https:\/\/www.ozono-terapia.com\/cansancio-cronico-y-ozonoterapia\/"},"wordCount":209,"publisher":{"@id":"https:\/\/www.ozono-terapia.com\/#organization"},"image":{"@id":"https:\/\/www.ozono-terapia.com\/cansancio-cronico-y-ozonoterapia\/#primaryimage"},"thumbnailUrl":"https:\/\/www.ozono-terapia.com\/wp-content\/uploads\/2025\/12\/Nujer-cansada-Gemini-2025.png","articleSection":["COVID 19","Fibromialgia","General","Noticias","Oncologia","Ozonoterapia y Bienestar","Ozonoterapia y Coronavirus"],"inLanguage":"ca"},{"@type":"WebPage","@id":"https:\/\/www.ozono-terapia.com\/cansancio-cronico-y-ozonoterapia\/","url":"https:\/\/www.ozono-terapia.com\/cansancio-cronico-y-ozonoterapia\/","name":"Cansancio cr\u00f3nico y Ozonoterapia - Institut Catal\u00e0 d&#039;Ozonoter\u00e0pia","isPartOf":{"@id":"https:\/\/www.ozono-terapia.com\/#website"},"primaryImageOfPage":{"@id":"https:\/\/www.ozono-terapia.com\/cansancio-cronico-y-ozonoterapia\/#primaryimage"},"image":{"@id":"https:\/\/www.ozono-terapia.com\/cansancio-cronico-y-ozonoterapia\/#primaryimage"},"thumbnailUrl":"https:\/\/www.ozono-terapia.com\/wp-content\/uploads\/2025\/12\/Nujer-cansada-Gemini-2025.png","datePublished":"2025-12-11T11:26:49+00:00","breadcrumb":{"@id":"https:\/\/www.ozono-terapia.com\/cansancio-cronico-y-ozonoterapia\/#breadcrumb"},"inLanguage":"ca","potentialAction":[{"@type":"ReadAction","target":["https:\/\/www.ozono-terapia.com\/cansancio-cronico-y-ozonoterapia\/"]}]},{"@type":"ImageObject","inLanguage":"ca","@id":"https:\/\/www.ozono-terapia.com\/cansancio-cronico-y-ozonoterapia\/#primaryimage","url":"https:\/\/www.ozono-terapia.com\/wp-content\/uploads\/2025\/12\/Nujer-cansada-Gemini-2025.png","contentUrl":"https:\/\/www.ozono-terapia.com\/wp-content\/uploads\/2025\/12\/Nujer-cansada-Gemini-2025.png","width":1024,"height":1024},{"@type":"BreadcrumbList","@id":"https:\/\/www.ozono-terapia.com\/cansancio-cronico-y-ozonoterapia\/#breadcrumb","itemListElement":[{"@type":"ListItem","position":1,"name":"Home","item":"https:\/\/www.ozono-terapia.com\/ca\/"},{"@type":"ListItem","position":2,"name":"Cansancio cr\u00f3nico y Ozonoterapia"}]},{"@type":"WebSite","@id":"https:\/\/www.ozono-terapia.com\/#website","url":"https:\/\/www.ozono-terapia.com\/","name":"Institut Catal\u00e0 d&#039;Ozonoter\u00e0pia","description":"","publisher":{"@id":"https:\/\/www.ozono-terapia.com\/#organization"},"potentialAction":[{"@type":"SearchAction","target":{"@type":"EntryPoint","urlTemplate":"https:\/\/www.ozono-terapia.com\/?s={search_term_string}"},"query-input":{"@type":"PropertyValueSpecification","valueRequired":true,"valueName":"search_term_string"}}],"inLanguage":"ca"},{"@type":"Organization","@id":"https:\/\/www.ozono-terapia.com\/#organization","name":"Institut Catal\u00e0 d&#039;Ozonoter\u00e0pia","url":"https:\/\/www.ozono-terapia.com\/","logo":{"@type":"ImageObject","inLanguage":"ca","@id":"https:\/\/www.ozono-terapia.com\/#\/schema\/logo\/image\/","url":"https:\/\/www.ozono-terapia.com\/wp-content\/uploads\/2019\/02\/ozono_logo_2x.png","contentUrl":"https:\/\/www.ozono-terapia.com\/wp-content\/uploads\/2019\/02\/ozono_logo_2x.png","width":572,"height":100,"caption":"Institut Catal\u00e0 d&#039;Ozonoter\u00e0pia"},"image":{"@id":"https:\/\/www.ozono-terapia.com\/#\/schema\/logo\/image\/"}},{"@type":"Person","@id":"https:\/\/www.ozono-terapia.com\/#\/schema\/person\/8ac11a0f3555b5370db964a67bca8482","name":"Institut Catal\u00e0 d'Ozonoter\u00e0pia","image":{"@type":"ImageObject","inLanguage":"ca","@id":"https:\/\/secure.gravatar.com\/avatar\/06602fcee6838c0a198f0e0a7ecf3b212f836792c9e9b88b822899da17bc9333?s=96&d=mm&r=g","url":"https:\/\/secure.gravatar.com\/avatar\/06602fcee6838c0a198f0e0a7ecf3b212f836792c9e9b88b822899da17bc9333?s=96&d=mm&r=g","contentUrl":"https:\/\/secure.gravatar.com\/avatar\/06602fcee6838c0a198f0e0a7ecf3b212f836792c9e9b88b822899da17bc9333?s=96&d=mm&r=g","caption":"Institut Catal\u00e0 d'Ozonoter\u00e0pia"},"url":"https:\/\/www.ozono-terapia.com\/ca\/author\/gloria\/"}]}},"_links":{"self":[{"href":"https:\/\/www.ozono-terapia.com\/ca\/wp-json\/wp\/v2\/posts\/3314","targetHints":{"allow":["GET"]}}],"collection":[{"href":"https:\/\/www.ozono-terapia.com\/ca\/wp-json\/wp\/v2\/posts"}],"about":[{"href":"https:\/\/www.ozono-terapia.com\/ca\/wp-json\/wp\/v2\/types\/post"}],"author":[{"embeddable":true,"href":"https:\/\/www.ozono-terapia.com\/ca\/wp-json\/wp\/v2\/users\/6"}],"replies":[{"embeddable":true,"href":"https:\/\/www.ozono-terapia.com\/ca\/wp-json\/wp\/v2\/comments?post=3314"}],"version-history":[{"count":1,"href":"https:\/\/www.ozono-terapia.com\/ca\/wp-json\/wp\/v2\/posts\/3314\/revisions"}],"predecessor-version":[{"id":3318,"href":"https:\/\/www.ozono-terapia.com\/ca\/wp-json\/wp\/v2\/posts\/3314\/revisions\/3318"}],"wp:featuredmedia":[{"embeddable":true,"href":"https:\/\/www.ozono-terapia.com\/ca\/wp-json\/wp\/v2\/media\/3315"}],"wp:attachment":[{"href":"https:\/\/www.ozono-terapia.com\/ca\/wp-json\/wp\/v2\/media?parent=3314"}],"wp:term":[{"taxonomy":"category","embeddable":true,"href":"https:\/\/www.ozono-terapia.com\/ca\/wp-json\/wp\/v2\/categories?post=3314"},{"taxonomy":"post_tag","embeddable":true,"href":"https:\/\/www.ozono-terapia.com\/ca\/wp-json\/wp\/v2\/tags?post=3314"}],"curies":[{"name":"wp","href":"https:\/\/api.w.org\/{rel}","templated":true}]}}