{"id":2945,"date":"2024-02-04T19:24:31","date_gmt":"2024-02-04T18:24:31","guid":{"rendered":"https:\/\/www.ozono-terapia.com\/?p=2945"},"modified":"2024-02-05T13:28:06","modified_gmt":"2024-02-05T12:28:06","slug":"ozonoterapia-un-aliado-contra-el-covid-persistente","status":"publish","type":"post","link":"https:\/\/www.ozono-terapia.com\/ca\/ozonoterapia-un-aliado-contra-el-covid-persistente\/","title":{"rendered":"Ozonoterapia: Un aliado contra el Covid persistente"},"content":{"rendered":"<p>El Covid persistente afecta a un porcentaje considerable de personas que han contra\u00eddo el virus, y puede durar semanas o incluso meses y se manifiesta con fatiga cr\u00f3nica, dolores musculares, dificultad para respirar, falta de concentraci\u00f3n y memoria (niebla mental) e insomnio.<\/p>\n<p><em>La terapia de ozono no es una cura para el Covid persistente, pero puede ser una herramienta \u00fatil para aliviar sus s\u00edntomas.<\/em><\/p>\n<p><strong>Beneficios de la Ozonoterapia para el Covid persistente:<\/strong><\/p>\n<ul>\n<li>Reduce la inflamaci\u00f3n:\u00a0La inflamaci\u00f3n cr\u00f3nica es un factor clave en muchos de los s\u00edntomas del Covid persistente. El ozono ayuda a combatir la inflamaci\u00f3n, lo que puede mejorar la fatiga, la disnea y el dolor.<\/li>\n<li>Mejora la oxigenaci\u00f3n:\u00a0El ozono aumenta la capacidad de la sangre para transportar ox\u00edgeno. Esto puede ser especialmente beneficioso para pacientes con problemas respiratorios.<\/li>\n<li>Fortalece el sistema inmunol\u00f3gico:\u00a0El ozono ayuda a regular el sistema inmunol\u00f3gico, lo que puede ser \u00fatil para combatir la respuesta inflamatoria exagerada que se observa en algunos pacientes con Covid persistente.<\/li>\n<\/ul>\n<p><em><strong>Mejora la funci\u00f3n cognitiva: El ozono puede mejorar la oxigenaci\u00f3n en el cerebro, lo que puede ayudar a mejorar la memoria, la concentraci\u00f3n y otros problemas cognitivos.<\/strong><\/em><\/p>\n<p><span style=\"color: #ff6600;\"><strong>La forma de administraci\u00f3n de la ozonoterapia es habitualmente la autohemoterapia y el n\u00famero de sesiones depender\u00e1 de cada paciente pero suele estar entre 8 y 10 sesiones que se administran habitualmente de forma semanal.<\/strong><\/span><\/p>\n<p>&nbsp;<\/p>\n<p>Dra. Gloria Rovira Dupl\u00e1a<\/p>\n<p>Institut Catal\u00e0 d\u00b4Ozonoterapia<\/p>\n<p>&nbsp;<\/p>\n","protected":false},"excerpt":{"rendered":"<p>El Covid persistente afecta a un porcentaje considerable de personas que han contra\u00eddo el virus, y puede durar semanas o incluso meses y se manifiesta con fatiga cr\u00f3nica, dolores musculares, dificultad para respirar, falta de concentraci\u00f3n y memoria (niebla mental) e insomnio. La terapia de ozono no es una cura para el Covid persistente, pero  [&#8230;]<\/p>\n","protected":false},"author":6,"featured_media":2946,"comment_status":"closed","ping_status":"closed","sticky":false,"template":"","format":"standard","meta":{"footnotes":""},"categories":[43,20,24,23,41,42],"tags":[],"class_list":["post-2945","post","type-post","status-publish","format-standard","has-post-thumbnail","hentry","category-covid-19","category-fibromialgia","category-general","category-noticias","category-ozonoterapia-y-bienestar","category-ozonoterapia-y-coronavirus"],"yoast_head":"<!-- This site is optimized with the Yoast SEO plugin v27.4 - https:\/\/yoast.com\/product\/yoast-seo-wordpress\/ -->\n<title>Ozonoterapia: Un aliado contra el Covid persistente - Institut Catal\u00e0 d&#039;Ozonoter\u00e0pia<\/title>\n<meta name=\"robots\" content=\"index, follow, max-snippet:-1, max-image-preview:large, max-video-preview:-1\" \/>\n<link rel=\"canonical\" href=\"https:\/\/www.ozono-terapia.com\/ozonoterapia-un-aliado-contra-el-covid-persistente\/\" \/>\n<meta property=\"og:locale\" content=\"ca_ES\" \/>\n<meta property=\"og:type\" content=\"article\" \/>\n<meta property=\"og:title\" content=\"Ozonoterapia: Un aliado contra el Covid persistente - Institut Catal\u00e0 d&#039;Ozonoter\u00e0pia\" \/>\n<meta property=\"og:description\" content=\"El Covid persistente afecta a un porcentaje considerable de personas que han contra\u00eddo el virus, y puede durar semanas o incluso meses y se manifiesta con fatiga cr\u00f3nica, dolores musculares, dificultad para respirar, falta de concentraci\u00f3n y memoria (niebla mental) e insomnio. La terapia de ozono no es una cura para el Covid persistente, pero [...]\" \/>\n<meta property=\"og:url\" content=\"https:\/\/www.ozono-terapia.com\/ozonoterapia-un-aliado-contra-el-covid-persistente\/\" \/>\n<meta property=\"og:site_name\" content=\"Institut Catal\u00e0 d&#039;Ozonoter\u00e0pia\" \/>\n<meta property=\"article:published_time\" content=\"2024-02-04T18:24:31+00:00\" \/>\n<meta property=\"article:modified_time\" content=\"2024-02-05T12:28:06+00:00\" \/>\n<meta property=\"og:image\" content=\"https:\/\/www.ozono-terapia.com\/wp-content\/uploads\/2024\/02\/empleada-femenina-dormita-lugar-trabajo-oficina_1163-5374-copia.jpg\" \/>\n\t<meta property=\"og:image:width\" content=\"626\" \/>\n\t<meta property=\"og:image:height\" content=\"417\" \/>\n\t<meta property=\"og:image:type\" content=\"image\/jpeg\" \/>\n<meta name=\"author\" content=\"Institut Catal\u00e0 d&#039;Ozonoter\u00e0pia\" \/>\n<meta name=\"twitter:card\" content=\"summary_large_image\" \/>\n<meta name=\"twitter:label1\" content=\"Escrit per\" \/>\n\t<meta name=\"twitter:data1\" content=\"Institut Catal\u00e0 d&#039;Ozonoter\u00e0pia\" \/>\n\t<meta name=\"twitter:label2\" content=\"Temps estimat de lectura\" \/>\n\t<meta name=\"twitter:data2\" content=\"2 minuts\" \/>\n<script type=\"application\/ld+json\" class=\"yoast-schema-graph\">{\"@context\":\"https:\\\/\\\/schema.org\",\"@graph\":[{\"@type\":\"Article\",\"@id\":\"https:\\\/\\\/www.ozono-terapia.com\\\/ozonoterapia-un-aliado-contra-el-covid-persistente\\\/#article\",\"isPartOf\":{\"@id\":\"https:\\\/\\\/www.ozono-terapia.com\\\/ozonoterapia-un-aliado-contra-el-covid-persistente\\\/\"},\"author\":{\"name\":\"Institut Catal\u00e0 d'Ozonoter\u00e0pia\",\"@id\":\"https:\\\/\\\/www.ozono-terapia.com\\\/#\\\/schema\\\/person\\\/8ac11a0f3555b5370db964a67bca8482\"},\"headline\":\"Ozonoterapia: Un aliado contra el Covid persistente\",\"datePublished\":\"2024-02-04T18:24:31+00:00\",\"dateModified\":\"2024-02-05T12:28:06+00:00\",\"mainEntityOfPage\":{\"@id\":\"https:\\\/\\\/www.ozono-terapia.com\\\/ozonoterapia-un-aliado-contra-el-covid-persistente\\\/\"},\"wordCount\":260,\"publisher\":{\"@id\":\"https:\\\/\\\/www.ozono-terapia.com\\\/#organization\"},\"image\":{\"@id\":\"https:\\\/\\\/www.ozono-terapia.com\\\/ozonoterapia-un-aliado-contra-el-covid-persistente\\\/#primaryimage\"},\"thumbnailUrl\":\"https:\\\/\\\/www.ozono-terapia.com\\\/wp-content\\\/uploads\\\/2024\\\/02\\\/empleada-femenina-dormita-lugar-trabajo-oficina_1163-5374-copia.jpg\",\"articleSection\":[\"COVID 19\",\"Fibromialgia\",\"General\",\"Noticias\",\"Ozonoterapia y Bienestar\",\"Ozonoterapia y Coronavirus\"],\"inLanguage\":\"ca\"},{\"@type\":\"WebPage\",\"@id\":\"https:\\\/\\\/www.ozono-terapia.com\\\/ozonoterapia-un-aliado-contra-el-covid-persistente\\\/\",\"url\":\"https:\\\/\\\/www.ozono-terapia.com\\\/ozonoterapia-un-aliado-contra-el-covid-persistente\\\/\",\"name\":\"Ozonoterapia: Un aliado contra el Covid persistente - Institut Catal\u00e0 d&#039;Ozonoter\u00e0pia\",\"isPartOf\":{\"@id\":\"https:\\\/\\\/www.ozono-terapia.com\\\/#website\"},\"primaryImageOfPage\":{\"@id\":\"https:\\\/\\\/www.ozono-terapia.com\\\/ozonoterapia-un-aliado-contra-el-covid-persistente\\\/#primaryimage\"},\"image\":{\"@id\":\"https:\\\/\\\/www.ozono-terapia.com\\\/ozonoterapia-un-aliado-contra-el-covid-persistente\\\/#primaryimage\"},\"thumbnailUrl\":\"https:\\\/\\\/www.ozono-terapia.com\\\/wp-content\\\/uploads\\\/2024\\\/02\\\/empleada-femenina-dormita-lugar-trabajo-oficina_1163-5374-copia.jpg\",\"datePublished\":\"2024-02-04T18:24:31+00:00\",\"dateModified\":\"2024-02-05T12:28:06+00:00\",\"breadcrumb\":{\"@id\":\"https:\\\/\\\/www.ozono-terapia.com\\\/ozonoterapia-un-aliado-contra-el-covid-persistente\\\/#breadcrumb\"},\"inLanguage\":\"ca\",\"potentialAction\":[{\"@type\":\"ReadAction\",\"target\":[\"https:\\\/\\\/www.ozono-terapia.com\\\/ozonoterapia-un-aliado-contra-el-covid-persistente\\\/\"]}]},{\"@type\":\"ImageObject\",\"inLanguage\":\"ca\",\"@id\":\"https:\\\/\\\/www.ozono-terapia.com\\\/ozonoterapia-un-aliado-contra-el-covid-persistente\\\/#primaryimage\",\"url\":\"https:\\\/\\\/www.ozono-terapia.com\\\/wp-content\\\/uploads\\\/2024\\\/02\\\/empleada-femenina-dormita-lugar-trabajo-oficina_1163-5374-copia.jpg\",\"contentUrl\":\"https:\\\/\\\/www.ozono-terapia.com\\\/wp-content\\\/uploads\\\/2024\\\/02\\\/empleada-femenina-dormita-lugar-trabajo-oficina_1163-5374-copia.jpg\",\"width\":626,\"height\":417},{\"@type\":\"BreadcrumbList\",\"@id\":\"https:\\\/\\\/www.ozono-terapia.com\\\/ozonoterapia-un-aliado-contra-el-covid-persistente\\\/#breadcrumb\",\"itemListElement\":[{\"@type\":\"ListItem\",\"position\":1,\"name\":\"Home\",\"item\":\"https:\\\/\\\/www.ozono-terapia.com\\\/ca\\\/\"},{\"@type\":\"ListItem\",\"position\":2,\"name\":\"Ozonoterapia: Un aliado contra el Covid persistente\"}]},{\"@type\":\"WebSite\",\"@id\":\"https:\\\/\\\/www.ozono-terapia.com\\\/#website\",\"url\":\"https:\\\/\\\/www.ozono-terapia.com\\\/\",\"name\":\"Institut Catal\u00e0 d&#039;Ozonoter\u00e0pia\",\"description\":\"\",\"publisher\":{\"@id\":\"https:\\\/\\\/www.ozono-terapia.com\\\/#organization\"},\"potentialAction\":[{\"@type\":\"SearchAction\",\"target\":{\"@type\":\"EntryPoint\",\"urlTemplate\":\"https:\\\/\\\/www.ozono-terapia.com\\\/?s={search_term_string}\"},\"query-input\":{\"@type\":\"PropertyValueSpecification\",\"valueRequired\":true,\"valueName\":\"search_term_string\"}}],\"inLanguage\":\"ca\"},{\"@type\":\"Organization\",\"@id\":\"https:\\\/\\\/www.ozono-terapia.com\\\/#organization\",\"name\":\"Institut Catal\u00e0 d&#039;Ozonoter\u00e0pia\",\"url\":\"https:\\\/\\\/www.ozono-terapia.com\\\/\",\"logo\":{\"@type\":\"ImageObject\",\"inLanguage\":\"ca\",\"@id\":\"https:\\\/\\\/www.ozono-terapia.com\\\/#\\\/schema\\\/logo\\\/image\\\/\",\"url\":\"https:\\\/\\\/www.ozono-terapia.com\\\/wp-content\\\/uploads\\\/2019\\\/02\\\/ozono_logo_2x.png\",\"contentUrl\":\"https:\\\/\\\/www.ozono-terapia.com\\\/wp-content\\\/uploads\\\/2019\\\/02\\\/ozono_logo_2x.png\",\"width\":572,\"height\":100,\"caption\":\"Institut Catal\u00e0 d&#039;Ozonoter\u00e0pia\"},\"image\":{\"@id\":\"https:\\\/\\\/www.ozono-terapia.com\\\/#\\\/schema\\\/logo\\\/image\\\/\"}},{\"@type\":\"Person\",\"@id\":\"https:\\\/\\\/www.ozono-terapia.com\\\/#\\\/schema\\\/person\\\/8ac11a0f3555b5370db964a67bca8482\",\"name\":\"Institut Catal\u00e0 d'Ozonoter\u00e0pia\",\"image\":{\"@type\":\"ImageObject\",\"inLanguage\":\"ca\",\"@id\":\"https:\\\/\\\/secure.gravatar.com\\\/avatar\\\/06602fcee6838c0a198f0e0a7ecf3b212f836792c9e9b88b822899da17bc9333?s=96&d=mm&r=g\",\"url\":\"https:\\\/\\\/secure.gravatar.com\\\/avatar\\\/06602fcee6838c0a198f0e0a7ecf3b212f836792c9e9b88b822899da17bc9333?s=96&d=mm&r=g\",\"contentUrl\":\"https:\\\/\\\/secure.gravatar.com\\\/avatar\\\/06602fcee6838c0a198f0e0a7ecf3b212f836792c9e9b88b822899da17bc9333?s=96&d=mm&r=g\",\"caption\":\"Institut Catal\u00e0 d'Ozonoter\u00e0pia\"},\"url\":\"https:\\\/\\\/www.ozono-terapia.com\\\/ca\\\/author\\\/gloria\\\/\"}]}<\/script>\n<!-- \/ Yoast SEO plugin. -->","yoast_head_json":{"title":"Ozonoterapia: Un aliado contra el Covid persistente - Institut Catal\u00e0 d&#039;Ozonoter\u00e0pia","robots":{"index":"index","follow":"follow","max-snippet":"max-snippet:-1","max-image-preview":"max-image-preview:large","max-video-preview":"max-video-preview:-1"},"canonical":"https:\/\/www.ozono-terapia.com\/ozonoterapia-un-aliado-contra-el-covid-persistente\/","og_locale":"ca_ES","og_type":"article","og_title":"Ozonoterapia: Un aliado contra el Covid persistente - Institut Catal\u00e0 d&#039;Ozonoter\u00e0pia","og_description":"El Covid persistente afecta a un porcentaje considerable de personas que han contra\u00eddo el virus, y puede durar semanas o incluso meses y se manifiesta con fatiga cr\u00f3nica, dolores musculares, dificultad para respirar, falta de concentraci\u00f3n y memoria (niebla mental) e insomnio. La terapia de ozono no es una cura para el Covid persistente, pero [...]","og_url":"https:\/\/www.ozono-terapia.com\/ozonoterapia-un-aliado-contra-el-covid-persistente\/","og_site_name":"Institut Catal\u00e0 d&#039;Ozonoter\u00e0pia","article_published_time":"2024-02-04T18:24:31+00:00","article_modified_time":"2024-02-05T12:28:06+00:00","og_image":[{"width":626,"height":417,"url":"https:\/\/www.ozono-terapia.com\/wp-content\/uploads\/2024\/02\/empleada-femenina-dormita-lugar-trabajo-oficina_1163-5374-copia.jpg","type":"image\/jpeg"}],"author":"Institut Catal\u00e0 d'Ozonoter\u00e0pia","twitter_card":"summary_large_image","twitter_misc":{"Escrit per":"Institut Catal\u00e0 d'Ozonoter\u00e0pia","Temps estimat de lectura":"2 minuts"},"schema":{"@context":"https:\/\/schema.org","@graph":[{"@type":"Article","@id":"https:\/\/www.ozono-terapia.com\/ozonoterapia-un-aliado-contra-el-covid-persistente\/#article","isPartOf":{"@id":"https:\/\/www.ozono-terapia.com\/ozonoterapia-un-aliado-contra-el-covid-persistente\/"},"author":{"name":"Institut Catal\u00e0 d'Ozonoter\u00e0pia","@id":"https:\/\/www.ozono-terapia.com\/#\/schema\/person\/8ac11a0f3555b5370db964a67bca8482"},"headline":"Ozonoterapia: Un aliado contra el Covid persistente","datePublished":"2024-02-04T18:24:31+00:00","dateModified":"2024-02-05T12:28:06+00:00","mainEntityOfPage":{"@id":"https:\/\/www.ozono-terapia.com\/ozonoterapia-un-aliado-contra-el-covid-persistente\/"},"wordCount":260,"publisher":{"@id":"https:\/\/www.ozono-terapia.com\/#organization"},"image":{"@id":"https:\/\/www.ozono-terapia.com\/ozonoterapia-un-aliado-contra-el-covid-persistente\/#primaryimage"},"thumbnailUrl":"https:\/\/www.ozono-terapia.com\/wp-content\/uploads\/2024\/02\/empleada-femenina-dormita-lugar-trabajo-oficina_1163-5374-copia.jpg","articleSection":["COVID 19","Fibromialgia","General","Noticias","Ozonoterapia y Bienestar","Ozonoterapia y Coronavirus"],"inLanguage":"ca"},{"@type":"WebPage","@id":"https:\/\/www.ozono-terapia.com\/ozonoterapia-un-aliado-contra-el-covid-persistente\/","url":"https:\/\/www.ozono-terapia.com\/ozonoterapia-un-aliado-contra-el-covid-persistente\/","name":"Ozonoterapia: Un aliado contra el Covid persistente - Institut Catal\u00e0 d&#039;Ozonoter\u00e0pia","isPartOf":{"@id":"https:\/\/www.ozono-terapia.com\/#website"},"primaryImageOfPage":{"@id":"https:\/\/www.ozono-terapia.com\/ozonoterapia-un-aliado-contra-el-covid-persistente\/#primaryimage"},"image":{"@id":"https:\/\/www.ozono-terapia.com\/ozonoterapia-un-aliado-contra-el-covid-persistente\/#primaryimage"},"thumbnailUrl":"https:\/\/www.ozono-terapia.com\/wp-content\/uploads\/2024\/02\/empleada-femenina-dormita-lugar-trabajo-oficina_1163-5374-copia.jpg","datePublished":"2024-02-04T18:24:31+00:00","dateModified":"2024-02-05T12:28:06+00:00","breadcrumb":{"@id":"https:\/\/www.ozono-terapia.com\/ozonoterapia-un-aliado-contra-el-covid-persistente\/#breadcrumb"},"inLanguage":"ca","potentialAction":[{"@type":"ReadAction","target":["https:\/\/www.ozono-terapia.com\/ozonoterapia-un-aliado-contra-el-covid-persistente\/"]}]},{"@type":"ImageObject","inLanguage":"ca","@id":"https:\/\/www.ozono-terapia.com\/ozonoterapia-un-aliado-contra-el-covid-persistente\/#primaryimage","url":"https:\/\/www.ozono-terapia.com\/wp-content\/uploads\/2024\/02\/empleada-femenina-dormita-lugar-trabajo-oficina_1163-5374-copia.jpg","contentUrl":"https:\/\/www.ozono-terapia.com\/wp-content\/uploads\/2024\/02\/empleada-femenina-dormita-lugar-trabajo-oficina_1163-5374-copia.jpg","width":626,"height":417},{"@type":"BreadcrumbList","@id":"https:\/\/www.ozono-terapia.com\/ozonoterapia-un-aliado-contra-el-covid-persistente\/#breadcrumb","itemListElement":[{"@type":"ListItem","position":1,"name":"Home","item":"https:\/\/www.ozono-terapia.com\/ca\/"},{"@type":"ListItem","position":2,"name":"Ozonoterapia: Un aliado contra el Covid persistente"}]},{"@type":"WebSite","@id":"https:\/\/www.ozono-terapia.com\/#website","url":"https:\/\/www.ozono-terapia.com\/","name":"Institut Catal\u00e0 d&#039;Ozonoter\u00e0pia","description":"","publisher":{"@id":"https:\/\/www.ozono-terapia.com\/#organization"},"potentialAction":[{"@type":"SearchAction","target":{"@type":"EntryPoint","urlTemplate":"https:\/\/www.ozono-terapia.com\/?s={search_term_string}"},"query-input":{"@type":"PropertyValueSpecification","valueRequired":true,"valueName":"search_term_string"}}],"inLanguage":"ca"},{"@type":"Organization","@id":"https:\/\/www.ozono-terapia.com\/#organization","name":"Institut Catal\u00e0 d&#039;Ozonoter\u00e0pia","url":"https:\/\/www.ozono-terapia.com\/","logo":{"@type":"ImageObject","inLanguage":"ca","@id":"https:\/\/www.ozono-terapia.com\/#\/schema\/logo\/image\/","url":"https:\/\/www.ozono-terapia.com\/wp-content\/uploads\/2019\/02\/ozono_logo_2x.png","contentUrl":"https:\/\/www.ozono-terapia.com\/wp-content\/uploads\/2019\/02\/ozono_logo_2x.png","width":572,"height":100,"caption":"Institut Catal\u00e0 d&#039;Ozonoter\u00e0pia"},"image":{"@id":"https:\/\/www.ozono-terapia.com\/#\/schema\/logo\/image\/"}},{"@type":"Person","@id":"https:\/\/www.ozono-terapia.com\/#\/schema\/person\/8ac11a0f3555b5370db964a67bca8482","name":"Institut Catal\u00e0 d'Ozonoter\u00e0pia","image":{"@type":"ImageObject","inLanguage":"ca","@id":"https:\/\/secure.gravatar.com\/avatar\/06602fcee6838c0a198f0e0a7ecf3b212f836792c9e9b88b822899da17bc9333?s=96&d=mm&r=g","url":"https:\/\/secure.gravatar.com\/avatar\/06602fcee6838c0a198f0e0a7ecf3b212f836792c9e9b88b822899da17bc9333?s=96&d=mm&r=g","contentUrl":"https:\/\/secure.gravatar.com\/avatar\/06602fcee6838c0a198f0e0a7ecf3b212f836792c9e9b88b822899da17bc9333?s=96&d=mm&r=g","caption":"Institut Catal\u00e0 d'Ozonoter\u00e0pia"},"url":"https:\/\/www.ozono-terapia.com\/ca\/author\/gloria\/"}]}},"_links":{"self":[{"href":"https:\/\/www.ozono-terapia.com\/ca\/wp-json\/wp\/v2\/posts\/2945","targetHints":{"allow":["GET"]}}],"collection":[{"href":"https:\/\/www.ozono-terapia.com\/ca\/wp-json\/wp\/v2\/posts"}],"about":[{"href":"https:\/\/www.ozono-terapia.com\/ca\/wp-json\/wp\/v2\/types\/post"}],"author":[{"embeddable":true,"href":"https:\/\/www.ozono-terapia.com\/ca\/wp-json\/wp\/v2\/users\/6"}],"replies":[{"embeddable":true,"href":"https:\/\/www.ozono-terapia.com\/ca\/wp-json\/wp\/v2\/comments?post=2945"}],"version-history":[{"count":0,"href":"https:\/\/www.ozono-terapia.com\/ca\/wp-json\/wp\/v2\/posts\/2945\/revisions"}],"wp:featuredmedia":[{"embeddable":true,"href":"https:\/\/www.ozono-terapia.com\/ca\/wp-json\/wp\/v2\/media\/2946"}],"wp:attachment":[{"href":"https:\/\/www.ozono-terapia.com\/ca\/wp-json\/wp\/v2\/media?parent=2945"}],"wp:term":[{"taxonomy":"category","embeddable":true,"href":"https:\/\/www.ozono-terapia.com\/ca\/wp-json\/wp\/v2\/categories?post=2945"},{"taxonomy":"post_tag","embeddable":true,"href":"https:\/\/www.ozono-terapia.com\/ca\/wp-json\/wp\/v2\/tags?post=2945"}],"curies":[{"name":"wp","href":"https:\/\/api.w.org\/{rel}","templated":true}]}}