{"id":1920,"date":"2017-02-25T08:58:11","date_gmt":"2017-02-25T07:58:11","guid":{"rendered":"https:\/\/www.ozono-terapia.com\/iii-curso-teorico-practico-de-perfeccionamiento-en-ozonoterapia-en-medicina\/"},"modified":"2019-09-23T17:20:19","modified_gmt":"2019-09-23T15:20:19","slug":"iii-curso-teorico-practico-de-perfeccionamiento-en-ozonoterapia-en-medicina","status":"publish","type":"post","link":"https:\/\/www.ozono-terapia.com\/ca\/iii-curso-teorico-practico-de-perfeccionamiento-en-ozonoterapia-en-medicina\/","title":{"rendered":"III Curso Te\u00f3rico-Pr\u00e1ctico de Perfeccionamiento en Ozonoterapia en Medicina"},"content":{"rendered":"<p align=\"justify\">Los pr\u00f3ximos d\u00edas 31 de marzo y 1 de abril de 2017, tendr\u00e1 lugar en Valencia el III Curso Te\u00f3rico-Pr\u00e1ctico de Perfeccionamiento en Ozonoterapia en Medicina.<\/p>\n<p align=\"justify\">La parte te\u00f3rica ser\u00e1 impartida en el Ilustre Colegio de M\u00e9dicos de Valencia y la parte pr\u00e1ctica en la Facultad de Medicina de la Universidad de Valencia.<\/p>\n<p align=\"justify\">La Dra. Gloria Rovira Dupl\u00e1a, vicepresidenta de la SEOT (Sociedad Espa\u00f1ola Ozonoterapia) y directora del Institut Catal\u00e0 d\u00b4Ozonoterapia, Unidad de Ozonoterapia Hospital Quir\u00f3nsalud Barcelona forma parte, como cada a\u00f1o, del grupo de profesores, dando las clases sobre Ozonoterapia e Indicaciones en Pie Diab\u00e9tico y Ozonoterapia e Indicaciones en Retardos de Cicatrizaci\u00f3n.<\/p>\n<p align=\"justify\">El curso va dirigido a m\u00e9dicos con conocimientos b\u00e1sicos de ozonoterapia y que deseen actualizar y ampliar los mismos.<\/p>\n<p align=\"justify\">Curso declarado de inter\u00e9s Cient\u00edfico y Profesional por la O.M.C.<\/p>\n<p align=\"justify\">Acreditaci\u00f3n: 1,9 cr\u00e9ditos de la Comisi\u00f3n de Formaci\u00f3n Continuada del Sistema Nacional de Salud<\/p>\n<p align=\"justify\">Para m\u00e1s informaci\u00f3n:\u00a0<strong><span id=\"cloak22527\"><a href=\"mailto:info@seot.es\">info@seot.es<\/a><\/span>\u00a0<\/strong><\/p>\n","protected":false},"excerpt":{"rendered":"<p>Los pr\u00f3ximos d\u00edas 31 de marzo y 1 de abril de 2017, tendr\u00e1 lugar en Valencia el III Curso Te\u00f3rico-Pr\u00e1ctico de Perfeccionamiento en Ozonoterapia en Medicina. La parte te\u00f3rica ser\u00e1 impartida en el Ilustre Colegio de M\u00e9dicos de Valencia y la parte pr\u00e1ctica en la Facultad de Medicina de la Universidad de Valencia. La Dra.  [&#8230;]<\/p>\n","protected":false},"author":1,"featured_media":1695,"comment_status":"closed","ping_status":"open","sticky":false,"template":"","format":"standard","meta":{"footnotes":""},"categories":[31],"tags":[],"class_list":["post-1920","post","type-post","status-publish","format-standard","has-post-thumbnail","hentry","category-noticias-ca"],"yoast_head":"<!-- This site is optimized with the Yoast SEO plugin v27.4 - https:\/\/yoast.com\/product\/yoast-seo-wordpress\/ -->\n<title>III Curso Te\u00f3rico-Pr\u00e1ctico de Perfeccionamiento en Ozonoterapia en Medicina - Institut Catal\u00e0 d&#039;Ozonoter\u00e0pia<\/title>\n<meta name=\"robots\" content=\"index, follow, max-snippet:-1, max-image-preview:large, max-video-preview:-1\" \/>\n<link rel=\"canonical\" href=\"https:\/\/www.ozono-terapia.com\/ca\/iii-curso-teorico-practico-de-perfeccionamiento-en-ozonoterapia-en-medicina\/\" \/>\n<meta property=\"og:locale\" content=\"ca_ES\" \/>\n<meta property=\"og:type\" content=\"article\" \/>\n<meta property=\"og:title\" content=\"III Curso Te\u00f3rico-Pr\u00e1ctico de Perfeccionamiento en Ozonoterapia en Medicina - Institut Catal\u00e0 d&#039;Ozonoter\u00e0pia\" \/>\n<meta property=\"og:description\" content=\"Los pr\u00f3ximos d\u00edas 31 de marzo y 1 de abril de 2017, tendr\u00e1 lugar en Valencia el III Curso Te\u00f3rico-Pr\u00e1ctico de Perfeccionamiento en Ozonoterapia en Medicina. La parte te\u00f3rica ser\u00e1 impartida en el Ilustre Colegio de M\u00e9dicos de Valencia y la parte pr\u00e1ctica en la Facultad de Medicina de la Universidad de Valencia. La Dra. [...]\" \/>\n<meta property=\"og:url\" content=\"https:\/\/www.ozono-terapia.com\/ca\/iii-curso-teorico-practico-de-perfeccionamiento-en-ozonoterapia-en-medicina\/\" \/>\n<meta property=\"og:site_name\" content=\"Institut Catal\u00e0 d&#039;Ozonoter\u00e0pia\" \/>\n<meta property=\"article:published_time\" content=\"2017-02-25T07:58:11+00:00\" \/>\n<meta property=\"article:modified_time\" content=\"2019-09-23T15:20:19+00:00\" \/>\n<meta property=\"og:image\" content=\"https:\/\/www.ozono-terapia.com\/wp-content\/uploads\/2015\/11\/window-770535_1280.jpg\" \/>\n\t<meta property=\"og:image:width\" content=\"1280\" \/>\n\t<meta property=\"og:image:height\" content=\"854\" \/>\n\t<meta property=\"og:image:type\" content=\"image\/jpeg\" \/>\n<meta name=\"author\" content=\"root\" \/>\n<meta name=\"twitter:card\" content=\"summary_large_image\" \/>\n<meta name=\"twitter:label1\" content=\"Escrit per\" \/>\n\t<meta name=\"twitter:data1\" content=\"root\" \/>\n\t<meta name=\"twitter:label2\" content=\"Temps estimat de lectura\" \/>\n\t<meta name=\"twitter:data2\" content=\"1 minut\" \/>\n<script type=\"application\/ld+json\" class=\"yoast-schema-graph\">{\"@context\":\"https:\\\/\\\/schema.org\",\"@graph\":[{\"@type\":\"Article\",\"@id\":\"https:\\\/\\\/www.ozono-terapia.com\\\/ca\\\/iii-curso-teorico-practico-de-perfeccionamiento-en-ozonoterapia-en-medicina\\\/#article\",\"isPartOf\":{\"@id\":\"https:\\\/\\\/www.ozono-terapia.com\\\/ca\\\/iii-curso-teorico-practico-de-perfeccionamiento-en-ozonoterapia-en-medicina\\\/\"},\"author\":{\"name\":\"root\",\"@id\":\"https:\\\/\\\/www.ozono-terapia.com\\\/#\\\/schema\\\/person\\\/61c76612021cc3bbe99e159e9f0f99f7\"},\"headline\":\"III Curso Te\u00f3rico-Pr\u00e1ctico de Perfeccionamiento en Ozonoterapia en Medicina\",\"datePublished\":\"2017-02-25T07:58:11+00:00\",\"dateModified\":\"2019-09-23T15:20:19+00:00\",\"mainEntityOfPage\":{\"@id\":\"https:\\\/\\\/www.ozono-terapia.com\\\/ca\\\/iii-curso-teorico-practico-de-perfeccionamiento-en-ozonoterapia-en-medicina\\\/\"},\"wordCount\":186,\"publisher\":{\"@id\":\"https:\\\/\\\/www.ozono-terapia.com\\\/#organization\"},\"image\":{\"@id\":\"https:\\\/\\\/www.ozono-terapia.com\\\/ca\\\/iii-curso-teorico-practico-de-perfeccionamiento-en-ozonoterapia-en-medicina\\\/#primaryimage\"},\"thumbnailUrl\":\"https:\\\/\\\/www.ozono-terapia.com\\\/wp-content\\\/uploads\\\/2015\\\/11\\\/window-770535_1280.jpg\",\"articleSection\":[\"Noticias\"],\"inLanguage\":\"ca\"},{\"@type\":\"WebPage\",\"@id\":\"https:\\\/\\\/www.ozono-terapia.com\\\/ca\\\/iii-curso-teorico-practico-de-perfeccionamiento-en-ozonoterapia-en-medicina\\\/\",\"url\":\"https:\\\/\\\/www.ozono-terapia.com\\\/ca\\\/iii-curso-teorico-practico-de-perfeccionamiento-en-ozonoterapia-en-medicina\\\/\",\"name\":\"III Curso Te\u00f3rico-Pr\u00e1ctico de Perfeccionamiento en Ozonoterapia en Medicina - Institut Catal\u00e0 d&#039;Ozonoter\u00e0pia\",\"isPartOf\":{\"@id\":\"https:\\\/\\\/www.ozono-terapia.com\\\/#website\"},\"primaryImageOfPage\":{\"@id\":\"https:\\\/\\\/www.ozono-terapia.com\\\/ca\\\/iii-curso-teorico-practico-de-perfeccionamiento-en-ozonoterapia-en-medicina\\\/#primaryimage\"},\"image\":{\"@id\":\"https:\\\/\\\/www.ozono-terapia.com\\\/ca\\\/iii-curso-teorico-practico-de-perfeccionamiento-en-ozonoterapia-en-medicina\\\/#primaryimage\"},\"thumbnailUrl\":\"https:\\\/\\\/www.ozono-terapia.com\\\/wp-content\\\/uploads\\\/2015\\\/11\\\/window-770535_1280.jpg\",\"datePublished\":\"2017-02-25T07:58:11+00:00\",\"dateModified\":\"2019-09-23T15:20:19+00:00\",\"breadcrumb\":{\"@id\":\"https:\\\/\\\/www.ozono-terapia.com\\\/ca\\\/iii-curso-teorico-practico-de-perfeccionamiento-en-ozonoterapia-en-medicina\\\/#breadcrumb\"},\"inLanguage\":\"ca\",\"potentialAction\":[{\"@type\":\"ReadAction\",\"target\":[\"https:\\\/\\\/www.ozono-terapia.com\\\/ca\\\/iii-curso-teorico-practico-de-perfeccionamiento-en-ozonoterapia-en-medicina\\\/\"]}]},{\"@type\":\"ImageObject\",\"inLanguage\":\"ca\",\"@id\":\"https:\\\/\\\/www.ozono-terapia.com\\\/ca\\\/iii-curso-teorico-practico-de-perfeccionamiento-en-ozonoterapia-en-medicina\\\/#primaryimage\",\"url\":\"https:\\\/\\\/www.ozono-terapia.com\\\/wp-content\\\/uploads\\\/2015\\\/11\\\/window-770535_1280.jpg\",\"contentUrl\":\"https:\\\/\\\/www.ozono-terapia.com\\\/wp-content\\\/uploads\\\/2015\\\/11\\\/window-770535_1280.jpg\",\"width\":1280,\"height\":854},{\"@type\":\"BreadcrumbList\",\"@id\":\"https:\\\/\\\/www.ozono-terapia.com\\\/ca\\\/iii-curso-teorico-practico-de-perfeccionamiento-en-ozonoterapia-en-medicina\\\/#breadcrumb\",\"itemListElement\":[{\"@type\":\"ListItem\",\"position\":1,\"name\":\"Home\",\"item\":\"https:\\\/\\\/www.ozono-terapia.com\\\/ca\\\/\"},{\"@type\":\"ListItem\",\"position\":2,\"name\":\"III Curso Te\u00f3rico-Pr\u00e1ctico de Perfeccionamiento en Ozonoterapia en Medicina\"}]},{\"@type\":\"WebSite\",\"@id\":\"https:\\\/\\\/www.ozono-terapia.com\\\/#website\",\"url\":\"https:\\\/\\\/www.ozono-terapia.com\\\/\",\"name\":\"Institut Catal\u00e0 d&#039;Ozonoter\u00e0pia\",\"description\":\"\",\"publisher\":{\"@id\":\"https:\\\/\\\/www.ozono-terapia.com\\\/#organization\"},\"potentialAction\":[{\"@type\":\"SearchAction\",\"target\":{\"@type\":\"EntryPoint\",\"urlTemplate\":\"https:\\\/\\\/www.ozono-terapia.com\\\/?s={search_term_string}\"},\"query-input\":{\"@type\":\"PropertyValueSpecification\",\"valueRequired\":true,\"valueName\":\"search_term_string\"}}],\"inLanguage\":\"ca\"},{\"@type\":\"Organization\",\"@id\":\"https:\\\/\\\/www.ozono-terapia.com\\\/#organization\",\"name\":\"Institut Catal\u00e0 d&#039;Ozonoter\u00e0pia\",\"url\":\"https:\\\/\\\/www.ozono-terapia.com\\\/\",\"logo\":{\"@type\":\"ImageObject\",\"inLanguage\":\"ca\",\"@id\":\"https:\\\/\\\/www.ozono-terapia.com\\\/#\\\/schema\\\/logo\\\/image\\\/\",\"url\":\"https:\\\/\\\/www.ozono-terapia.com\\\/wp-content\\\/uploads\\\/2019\\\/02\\\/ozono_logo_2x.png\",\"contentUrl\":\"https:\\\/\\\/www.ozono-terapia.com\\\/wp-content\\\/uploads\\\/2019\\\/02\\\/ozono_logo_2x.png\",\"width\":572,\"height\":100,\"caption\":\"Institut Catal\u00e0 d&#039;Ozonoter\u00e0pia\"},\"image\":{\"@id\":\"https:\\\/\\\/www.ozono-terapia.com\\\/#\\\/schema\\\/logo\\\/image\\\/\"}},{\"@type\":\"Person\",\"@id\":\"https:\\\/\\\/www.ozono-terapia.com\\\/#\\\/schema\\\/person\\\/61c76612021cc3bbe99e159e9f0f99f7\",\"name\":\"root\",\"image\":{\"@type\":\"ImageObject\",\"inLanguage\":\"ca\",\"@id\":\"https:\\\/\\\/secure.gravatar.com\\\/avatar\\\/9356757d53af8c5db257f894fbbd9ee7446c25af07cd2e7844bd1cf43acef754?s=96&d=mm&r=g\",\"url\":\"https:\\\/\\\/secure.gravatar.com\\\/avatar\\\/9356757d53af8c5db257f894fbbd9ee7446c25af07cd2e7844bd1cf43acef754?s=96&d=mm&r=g\",\"contentUrl\":\"https:\\\/\\\/secure.gravatar.com\\\/avatar\\\/9356757d53af8c5db257f894fbbd9ee7446c25af07cd2e7844bd1cf43acef754?s=96&d=mm&r=g\",\"caption\":\"root\"},\"url\":\"https:\\\/\\\/www.ozono-terapia.com\\\/ca\\\/author\\\/root\\\/\"}]}<\/script>\n<!-- \/ Yoast SEO plugin. -->","yoast_head_json":{"title":"III Curso Te\u00f3rico-Pr\u00e1ctico de Perfeccionamiento en Ozonoterapia en Medicina - Institut Catal\u00e0 d&#039;Ozonoter\u00e0pia","robots":{"index":"index","follow":"follow","max-snippet":"max-snippet:-1","max-image-preview":"max-image-preview:large","max-video-preview":"max-video-preview:-1"},"canonical":"https:\/\/www.ozono-terapia.com\/ca\/iii-curso-teorico-practico-de-perfeccionamiento-en-ozonoterapia-en-medicina\/","og_locale":"ca_ES","og_type":"article","og_title":"III Curso Te\u00f3rico-Pr\u00e1ctico de Perfeccionamiento en Ozonoterapia en Medicina - Institut Catal\u00e0 d&#039;Ozonoter\u00e0pia","og_description":"Los pr\u00f3ximos d\u00edas 31 de marzo y 1 de abril de 2017, tendr\u00e1 lugar en Valencia el III Curso Te\u00f3rico-Pr\u00e1ctico de Perfeccionamiento en Ozonoterapia en Medicina. La parte te\u00f3rica ser\u00e1 impartida en el Ilustre Colegio de M\u00e9dicos de Valencia y la parte pr\u00e1ctica en la Facultad de Medicina de la Universidad de Valencia. La Dra. [...]","og_url":"https:\/\/www.ozono-terapia.com\/ca\/iii-curso-teorico-practico-de-perfeccionamiento-en-ozonoterapia-en-medicina\/","og_site_name":"Institut Catal\u00e0 d&#039;Ozonoter\u00e0pia","article_published_time":"2017-02-25T07:58:11+00:00","article_modified_time":"2019-09-23T15:20:19+00:00","og_image":[{"width":1280,"height":854,"url":"https:\/\/www.ozono-terapia.com\/wp-content\/uploads\/2015\/11\/window-770535_1280.jpg","type":"image\/jpeg"}],"author":"root","twitter_card":"summary_large_image","twitter_misc":{"Escrit per":"root","Temps estimat de lectura":"1 minut"},"schema":{"@context":"https:\/\/schema.org","@graph":[{"@type":"Article","@id":"https:\/\/www.ozono-terapia.com\/ca\/iii-curso-teorico-practico-de-perfeccionamiento-en-ozonoterapia-en-medicina\/#article","isPartOf":{"@id":"https:\/\/www.ozono-terapia.com\/ca\/iii-curso-teorico-practico-de-perfeccionamiento-en-ozonoterapia-en-medicina\/"},"author":{"name":"root","@id":"https:\/\/www.ozono-terapia.com\/#\/schema\/person\/61c76612021cc3bbe99e159e9f0f99f7"},"headline":"III Curso Te\u00f3rico-Pr\u00e1ctico de Perfeccionamiento en Ozonoterapia en Medicina","datePublished":"2017-02-25T07:58:11+00:00","dateModified":"2019-09-23T15:20:19+00:00","mainEntityOfPage":{"@id":"https:\/\/www.ozono-terapia.com\/ca\/iii-curso-teorico-practico-de-perfeccionamiento-en-ozonoterapia-en-medicina\/"},"wordCount":186,"publisher":{"@id":"https:\/\/www.ozono-terapia.com\/#organization"},"image":{"@id":"https:\/\/www.ozono-terapia.com\/ca\/iii-curso-teorico-practico-de-perfeccionamiento-en-ozonoterapia-en-medicina\/#primaryimage"},"thumbnailUrl":"https:\/\/www.ozono-terapia.com\/wp-content\/uploads\/2015\/11\/window-770535_1280.jpg","articleSection":["Noticias"],"inLanguage":"ca"},{"@type":"WebPage","@id":"https:\/\/www.ozono-terapia.com\/ca\/iii-curso-teorico-practico-de-perfeccionamiento-en-ozonoterapia-en-medicina\/","url":"https:\/\/www.ozono-terapia.com\/ca\/iii-curso-teorico-practico-de-perfeccionamiento-en-ozonoterapia-en-medicina\/","name":"III Curso Te\u00f3rico-Pr\u00e1ctico de Perfeccionamiento en Ozonoterapia en Medicina - Institut Catal\u00e0 d&#039;Ozonoter\u00e0pia","isPartOf":{"@id":"https:\/\/www.ozono-terapia.com\/#website"},"primaryImageOfPage":{"@id":"https:\/\/www.ozono-terapia.com\/ca\/iii-curso-teorico-practico-de-perfeccionamiento-en-ozonoterapia-en-medicina\/#primaryimage"},"image":{"@id":"https:\/\/www.ozono-terapia.com\/ca\/iii-curso-teorico-practico-de-perfeccionamiento-en-ozonoterapia-en-medicina\/#primaryimage"},"thumbnailUrl":"https:\/\/www.ozono-terapia.com\/wp-content\/uploads\/2015\/11\/window-770535_1280.jpg","datePublished":"2017-02-25T07:58:11+00:00","dateModified":"2019-09-23T15:20:19+00:00","breadcrumb":{"@id":"https:\/\/www.ozono-terapia.com\/ca\/iii-curso-teorico-practico-de-perfeccionamiento-en-ozonoterapia-en-medicina\/#breadcrumb"},"inLanguage":"ca","potentialAction":[{"@type":"ReadAction","target":["https:\/\/www.ozono-terapia.com\/ca\/iii-curso-teorico-practico-de-perfeccionamiento-en-ozonoterapia-en-medicina\/"]}]},{"@type":"ImageObject","inLanguage":"ca","@id":"https:\/\/www.ozono-terapia.com\/ca\/iii-curso-teorico-practico-de-perfeccionamiento-en-ozonoterapia-en-medicina\/#primaryimage","url":"https:\/\/www.ozono-terapia.com\/wp-content\/uploads\/2015\/11\/window-770535_1280.jpg","contentUrl":"https:\/\/www.ozono-terapia.com\/wp-content\/uploads\/2015\/11\/window-770535_1280.jpg","width":1280,"height":854},{"@type":"BreadcrumbList","@id":"https:\/\/www.ozono-terapia.com\/ca\/iii-curso-teorico-practico-de-perfeccionamiento-en-ozonoterapia-en-medicina\/#breadcrumb","itemListElement":[{"@type":"ListItem","position":1,"name":"Home","item":"https:\/\/www.ozono-terapia.com\/ca\/"},{"@type":"ListItem","position":2,"name":"III Curso Te\u00f3rico-Pr\u00e1ctico de Perfeccionamiento en Ozonoterapia en Medicina"}]},{"@type":"WebSite","@id":"https:\/\/www.ozono-terapia.com\/#website","url":"https:\/\/www.ozono-terapia.com\/","name":"Institut Catal\u00e0 d&#039;Ozonoter\u00e0pia","description":"","publisher":{"@id":"https:\/\/www.ozono-terapia.com\/#organization"},"potentialAction":[{"@type":"SearchAction","target":{"@type":"EntryPoint","urlTemplate":"https:\/\/www.ozono-terapia.com\/?s={search_term_string}"},"query-input":{"@type":"PropertyValueSpecification","valueRequired":true,"valueName":"search_term_string"}}],"inLanguage":"ca"},{"@type":"Organization","@id":"https:\/\/www.ozono-terapia.com\/#organization","name":"Institut Catal\u00e0 d&#039;Ozonoter\u00e0pia","url":"https:\/\/www.ozono-terapia.com\/","logo":{"@type":"ImageObject","inLanguage":"ca","@id":"https:\/\/www.ozono-terapia.com\/#\/schema\/logo\/image\/","url":"https:\/\/www.ozono-terapia.com\/wp-content\/uploads\/2019\/02\/ozono_logo_2x.png","contentUrl":"https:\/\/www.ozono-terapia.com\/wp-content\/uploads\/2019\/02\/ozono_logo_2x.png","width":572,"height":100,"caption":"Institut Catal\u00e0 d&#039;Ozonoter\u00e0pia"},"image":{"@id":"https:\/\/www.ozono-terapia.com\/#\/schema\/logo\/image\/"}},{"@type":"Person","@id":"https:\/\/www.ozono-terapia.com\/#\/schema\/person\/61c76612021cc3bbe99e159e9f0f99f7","name":"root","image":{"@type":"ImageObject","inLanguage":"ca","@id":"https:\/\/secure.gravatar.com\/avatar\/9356757d53af8c5db257f894fbbd9ee7446c25af07cd2e7844bd1cf43acef754?s=96&d=mm&r=g","url":"https:\/\/secure.gravatar.com\/avatar\/9356757d53af8c5db257f894fbbd9ee7446c25af07cd2e7844bd1cf43acef754?s=96&d=mm&r=g","contentUrl":"https:\/\/secure.gravatar.com\/avatar\/9356757d53af8c5db257f894fbbd9ee7446c25af07cd2e7844bd1cf43acef754?s=96&d=mm&r=g","caption":"root"},"url":"https:\/\/www.ozono-terapia.com\/ca\/author\/root\/"}]}},"_links":{"self":[{"href":"https:\/\/www.ozono-terapia.com\/ca\/wp-json\/wp\/v2\/posts\/1920","targetHints":{"allow":["GET"]}}],"collection":[{"href":"https:\/\/www.ozono-terapia.com\/ca\/wp-json\/wp\/v2\/posts"}],"about":[{"href":"https:\/\/www.ozono-terapia.com\/ca\/wp-json\/wp\/v2\/types\/post"}],"author":[{"embeddable":true,"href":"https:\/\/www.ozono-terapia.com\/ca\/wp-json\/wp\/v2\/users\/1"}],"replies":[{"embeddable":true,"href":"https:\/\/www.ozono-terapia.com\/ca\/wp-json\/wp\/v2\/comments?post=1920"}],"version-history":[{"count":0,"href":"https:\/\/www.ozono-terapia.com\/ca\/wp-json\/wp\/v2\/posts\/1920\/revisions"}],"wp:featuredmedia":[{"embeddable":true,"href":"https:\/\/www.ozono-terapia.com\/ca\/wp-json\/wp\/v2\/media\/1695"}],"wp:attachment":[{"href":"https:\/\/www.ozono-terapia.com\/ca\/wp-json\/wp\/v2\/media?parent=1920"}],"wp:term":[{"taxonomy":"category","embeddable":true,"href":"https:\/\/www.ozono-terapia.com\/ca\/wp-json\/wp\/v2\/categories?post=1920"},{"taxonomy":"post_tag","embeddable":true,"href":"https:\/\/www.ozono-terapia.com\/ca\/wp-json\/wp\/v2\/tags?post=1920"}],"curies":[{"name":"wp","href":"https:\/\/api.w.org\/{rel}","templated":true}]}}